{"id":2610,"date":"2021-09-01T22:00:59","date_gmt":"2021-09-01T22:00:59","guid":{"rendered":"https:\/\/www.fundacionorion.org\/?p=2610"},"modified":"2022-05-08T15:46:06","modified_gmt":"2022-05-08T15:46:06","slug":"alejandrina","status":"publish","type":"post","link":"https:\/\/www.fundacionorion.org\/en\/2021\/09\/alejandrina\/","title":{"rendered":"Testimonio de Alejandrina"},"content":{"rendered":"<div data-elementor-type=\"wp-post\" data-elementor-id=\"2610\" class=\"elementor elementor-2610\" data-elementor-post-type=\"post\">\n\t\t\t\t\t\t<section class=\"elementor-section elementor-top-section elementor-element elementor-element-831544f elementor-section-height-min-height elementor-section-boxed elementor-section-height-default elementor-section-items-middle\" data-id=\"831544f\" data-element_type=\"section\" data-e-type=\"section\">\n\t\t\t\t\t\t<div class=\"elementor-container elementor-column-gap-default\">\n\t\t\t\t\t<div class=\"elementor-column elementor-col-100 elementor-top-column elementor-element elementor-element-e89bbb9\" data-id=\"e89bbb9\" data-element_type=\"column\" data-e-type=\"column\">\n\t\t\t<div class=\"elementor-widget-wrap elementor-element-populated\">\n\t\t\t\t\t\t<div class=\"elementor-element elementor-element-0306c8d elementor-widget elementor-widget-heading\" data-id=\"0306c8d\" data-element_type=\"widget\" data-e-type=\"widget\" data-widget_type=\"heading.default\">\n\t\t\t\t<div class=\"elementor-widget-container\">\n\t\t\t\t\t<h1 class=\"elementor-heading-title elementor-size-default\">Testimonio de Alejandrina<\/h1>\t\t\t\t<\/div>\n\t\t\t\t<\/div>\n\t\t\t\t\t<\/div>\n\t\t<\/div>\n\t\t\t\t\t<\/div>\n\t\t<\/section>\n\t\t\t\t<section class=\"elementor-section elementor-top-section elementor-element elementor-element-66dda71 elementor-section-boxed elementor-section-height-default elementor-section-height-default\" data-id=\"66dda71\" data-element_type=\"section\" data-e-type=\"section\">\n\t\t\t\t\t\t<div class=\"elementor-container elementor-column-gap-default\">\n\t\t\t\t\t<div class=\"elementor-column elementor-col-100 elementor-top-column elementor-element elementor-element-95e145e\" data-id=\"95e145e\" data-element_type=\"column\" data-e-type=\"column\">\n\t\t\t<div class=\"elementor-widget-wrap elementor-element-populated\">\n\t\t\t\t\t\t<div class=\"elementor-element elementor-element-9193dac elementor-widget elementor-widget-text-editor\" data-id=\"9193dac\" data-element_type=\"widget\" data-e-type=\"widget\" data-widget_type=\"text-editor.default\">\n\t\t\t\t<div class=\"elementor-widget-container\">\n\t\t\t\t\t\t\t\t\t<div class=\"kvgmc6g5 cxmmr5t8 oygrvhab hcukyx3x c1et5uql ii04i59q\"><div dir=\"auto\">Nuestro departamento de Panader\u00eda est\u00e1 creciendo cada vez m\u00e1s gracias a la providencia de Dios.<\/div><div dir=\"auto\">Cada a\u00f1o estudiantes industriales nos apoyan en el crecimiento de este departamento, y a su vez, ellos tambi\u00e9n crecen en Cristo mientras venden los productos que ellos mismos elaboran.<\/div><div dir=\"auto\">\u00abAs\u00ed, en cada ramo de trabajo \u00fatil y en toda asociaci\u00f3n de la vida, \u00e9l desea que encontremos una lecci\u00f3n de verdad divina. Entonces nuestro trabajo diario no absorber\u00e1 m\u00e1s nuestra atenci\u00f3n ni nos inducir\u00e1 a olvidar a Dios; nos recordar\u00e1 continuamente a nuestro Creador y Redentor. As\u00ed seremos \u201cense\u00f1ados de Jehov\u00e1\u201d; y cualquiera sea la suerte que nos toque permaneceremos con Dios.\u00bb CSI 162.2<\/div><\/div><div class=\"o9v6fnle cxmmr5t8 oygrvhab hcukyx3x c1et5uql ii04i59q\"><div dir=\"auto\">Esta es la experiencia de Alejandrina<\/div><\/div><div class=\"o9v6fnle cxmmr5t8 oygrvhab hcukyx3x c1et5uql ii04i59q\"><div dir=\"auto\"><span class=\"pq6dq46d tbxw36s4 knj5qynh kvgmc6g5 ditlmg2l oygrvhab nvdbi5me sf5mxxl7 gl3lb2sf hhz5lgdu\"><img decoding=\"async\" src=\"https:\/\/static.xx.fbcdn.net\/images\/emoji.php\/v9\/te2\/1\/16\/270d.png\" alt=\"\u270d\ufe0f\" width=\"16\" height=\"16\" \/><\/span> \u00bfDe qu\u00e9 forma tuve una relaci\u00f3n con Dios mientras trabajaba en panader\u00eda?<\/div><\/div><div class=\"o9v6fnle cxmmr5t8 oygrvhab hcukyx3x c1et5uql ii04i59q\"><div dir=\"auto\">Aunque al llegar en mayo a la panader\u00eda muchos recuerdos negativos hicieron que rechazara el trabajo all\u00ed, comprend\u00ed a travez de mis meditaciones que Dios quer\u00eda ense\u00f1arme algo especifico.<\/div><div dir=\"auto\">Unos meses m\u00e1s tarde lo entend\u00ed. Pens\u00e9 que Dios quer\u00eda que yo aprenda todo el proceso productivo y no fue eso; log\u00edstica , tampoco; en ventas me esforc\u00e9 mucho pero tampoco fue eso. Un d\u00eda cuando intente que todo funcionara correctamente y se cumpliera todo a su tiempo, el Se\u00f1or me mostr\u00f3 que yo estaba buscando hacer mis obras para tener aprobaci\u00f3n; ese d\u00eda en especifico nada funcion\u00f3 bien y todos mis compa\u00f1eros respondieron ante la exigencia.<\/div><div dir=\"auto\">Llor\u00e9 amargamente porque pens\u00e9 que esa parte de mi car\u00e1cter ya hab\u00eda sido erradicado y vencido. Al orar confesando mi derrota, el Amoroso Padre no me conden\u00f3; en un minuto cambi\u00f3 mis l\u00e1grimas en esperanza y me dio la soluci\u00f3n. Desde ese momento en adelante el Se\u00f1or me ense\u00f1\u00f3 y me llen\u00f3 de amor, respeto, admiraci\u00f3n y comprensi\u00f3n por sus hijos peque\u00f1os.<\/div><div dir=\"auto\">As\u00ed el a\u00f1o fue m\u00e1s fruct\u00edfero para mi vida espiritual.<\/div><div dir=\"auto\">A\u00fan en ventas tambi\u00e9n hu\u00eda porque implica comercio, \u00e9l me ense\u00f1\u00f3 que no necesariamente debo verlo as\u00ed; el puso en m\u00ed la idea de entregar un producto sano a uno de sus hijos que no lo conoce.<\/div><div dir=\"auto\">Un d\u00eda que sal\u00ed y no lograba \u201centregar\u201d los panes, y con una canasta llena de productos \u00e9l me acerc\u00f3 a una casa de rejas en una esquina; un hombre me llam\u00f3 desde adentro y compr\u00f3 varios productos. Eso me anim\u00f3 mucho y segu\u00ed adelante. El siguiente d\u00eda de ventas fui buscando esa casa y busque siempre pero nunca la encontr\u00e9; eso me llen\u00f3 de mucha emoci\u00f3n, el pensar en lo que Dios est\u00e1 dispuesto a hacer para mostrarme su amor en toda cosa que haga.<\/div><div dir=\"auto\">Eso y otra muchas muestras de su amor me transform\u00f3 y lo sigue haciendo.<\/div><div dir=\"auto\">Hoy le agradezco porque lo que aprend\u00ed en panader\u00eda es un medio eficaz para el campo misionero.<\/div><div dir=\"auto\">Te invito, ven y disfruta de las lecciones del Panadero del cielo.<\/div><\/div>\t\t\t\t\t\t\t\t<\/div>\n\t\t\t\t<\/div>\n\t\t\t\t\t<\/div>\n\t\t<\/div>\n\t\t\t\t\t<\/div>\n\t\t<\/section>\n\t\t\t\t<\/div>","protected":false},"excerpt":{"rendered":"<p>Testimonio de Alejandrina Nuestro departamento de Panader\u00eda est\u00e1 creciendo cada vez m\u00e1s gracias a la providencia de Dios.Cada a\u00f1o estudiantes industriales nos apoyan en el crecimiento de este departamento, y a su vez, ellos tambi\u00e9n crecen en Cristo mientras venden los productos que ellos mismos elaboran.\u00bbAs\u00ed, en cada ramo de trabajo \u00fatil y en toda&hellip; <a class=\"more-link\" href=\"https:\/\/www.fundacionorion.org\/en\/2021\/09\/alejandrina\/\">Continue reading <span class=\"screen-reader-text\">Testimonio de Alejandrina<\/span><\/a><\/p>","protected":false},"author":1,"featured_media":0,"comment_status":"open","ping_status":"open","sticky":false,"template":"elementor_header_footer","format":"standard","meta":{"pmpro_default_level":"","footnotes":""},"categories":[35],"tags":[36],"class_list":["post-2610","post","type-post","status-publish","format-standard","hentry","category-boletin","tag-testimonio","pmpro-has-access","entry"],"_links":{"self":[{"href":"https:\/\/www.fundacionorion.org\/en\/wp-json\/wp\/v2\/posts\/2610","targetHints":{"allow":["GET"]}}],"collection":[{"href":"https:\/\/www.fundacionorion.org\/en\/wp-json\/wp\/v2\/posts"}],"about":[{"href":"https:\/\/www.fundacionorion.org\/en\/wp-json\/wp\/v2\/types\/post"}],"author":[{"embeddable":true,"href":"https:\/\/www.fundacionorion.org\/en\/wp-json\/wp\/v2\/users\/1"}],"replies":[{"embeddable":true,"href":"https:\/\/www.fundacionorion.org\/en\/wp-json\/wp\/v2\/comments?post=2610"}],"version-history":[{"count":5,"href":"https:\/\/www.fundacionorion.org\/en\/wp-json\/wp\/v2\/posts\/2610\/revisions"}],"predecessor-version":[{"id":2615,"href":"https:\/\/www.fundacionorion.org\/en\/wp-json\/wp\/v2\/posts\/2610\/revisions\/2615"}],"wp:attachment":[{"href":"https:\/\/www.fundacionorion.org\/en\/wp-json\/wp\/v2\/media?parent=2610"}],"wp:term":[{"taxonomy":"category","embeddable":true,"href":"https:\/\/www.fundacionorion.org\/en\/wp-json\/wp\/v2\/categories?post=2610"},{"taxonomy":"post_tag","embeddable":true,"href":"https:\/\/www.fundacionorion.org\/en\/wp-json\/wp\/v2\/tags?post=2610"}],"curies":[{"name":"wp","href":"https:\/\/api.w.org\/{rel}","templated":true}]}}